{"id":882,"date":"2020-04-07T20:31:07","date_gmt":"2020-04-07T19:31:07","guid":{"rendered":"https:\/\/sppp.bialystok.pl\/?p=882"},"modified":"2020-04-07T20:45:58","modified_gmt":"2020-04-07T19:45:58","slug":"o-wychowywaniu-dzieci","status":"publish","type":"post","link":"https:\/\/sppp.bialystok.pl\/?p=882","title":{"rendered":"O wychowywaniu dzieci\u2026"},"content":{"rendered":"<p><strong>O wychowywaniu dzieci\u2026<\/strong><strong>\u00a0<\/strong><\/p>\n<p>\u017byjemy w trudnych czasach&#8230; Musimy sobie radzi\u0107 w niecodziennych warunkach, stawiaj\u0105cych przed nami nowe wyzwania. Nikt nie ma w tym zakresie do\u015bwiadczenia, nikt te\u017c nie opracowa\u0142 w zwi\u0105zku z tym \u017cadnych pomocnych procedur, czy schemat\u00f3w u\u0142atwiaj\u0105cych funkcjonowanie w warunkach koniecznej, przeci\u0105gaj\u0105cej si\u0119 izolacji&#8230; Izolacji, w kt\u00f3rej wiele os\u00f3b zmuszonych jest radzi\u0107 sobie z trudnymi emocjami w\u0142asnymi, ale te\u017c swoich bliskich-ma\u0142\u017conk\u00f3w, dzieci czy starszych ju\u017c rodzic\u00f3w. Sytuacji tej nie u\u0142atwia niew\u0105tpliwie konieczno\u015b\u0107 przebywania na ograniczonej przestrzeni nawet przez 23 godziny na dob\u0119. W tym kontek\u015bcie szczeg\u00f3lnego znaczenia nabiera poj\u0119cie granic, zar\u00f3wno w dos\u0142ownym, jak i psychologicznym znaczeniu. Wa\u017cne, by uczy\u0107 si\u0119 rozpoznawania w tym kontek\u015bcie zar\u00f3wno w\u0142asnych, jak i cudzych potrzeb. Istotne jest, by na pocz\u0105tek u\u015bwiadomi\u0107 je sobie, nazwa\u0107 i potrafi\u0107 zakomunikowa\u0107 je innym. Dalej- czeka nas nie mniejsze wyzwanie-mianowicie, czytelne dla innych, konsekwentne pilnowanie, aby by\u0142y respektowane ( i to zar\u00f3wno przez nas samych, jak i nasze otoczenie)&#8230; Tego, jak du\u017ce znaczenie dla jako\u015bci naszego \u017cycia maj\u0105 owe granice, zwykle do\u015bwiadczamy w relacjach z innymi lud\u017ami. Im za\u015b wy\u017cszy jest poziom stresu, kt\u00f3rego do\u015bwiadczamy, tym i wi\u0119cej dobrego mog\u0105 nam przynie\u015b\u0107. Ale \u017ceby tak si\u0119 sta\u0142o, potrzebujemy na ten temat samoobserwacji, autorefleksji i&#8230; duuu\u017co cierpliwo\u015bci. Z ca\u0142\u0105 pewno\u015bci\u0105 przyjdzie nam to \u0142atwiej ze swoistym przewodnikiem, a nawet dwoma. &#x1f642;Mam tu na my\u015bli dwie pozycje, traktuj\u0105ce temat mo\u017ce nie wprost, ale bardzo praktycznie, bo w kontek\u015bcie wychowywania dzieci. S\u0105 to mianowicie:<\/p>\n<p><strong>\u201eBojowa pie\u015b\u0144 tygrysicy\u201d Dlaczego chi\u0144skie matki s\u0105 lepsze? <\/strong>&#8211; Amy Chua, Pr\u00f3szy\u0144ski i S-ka, Warszawa 2011 i <strong>\u201eDlaczego francuskie dzieci nie pyskuj\u0105\u201d<\/strong>-Catherine Crawford, Wydawnictwo Czarna Owca, Warszawa 2015<\/p>\n<p>Atrakcyjno\u015b\u0107 obydwu ksi\u0105\u017cek podnosi fakt, \u017ce napisa\u0142y je dwie kobiety-matki z krwi i ko\u015bci, borykaj\u0105ce si\u0119 z codziennymi wyzwaniami, kt\u00f3re wpisane s\u0105 w \u017cmudny, cz\u0119sto trudny, ale i ciekawy proces wychowywania, towarzyszenia w rozwoju i tw\u00f3rczego kreowania \u017cycia w\u0142asnych dzieci. Co wa\u017cne, ten powa\u017cny temat nabiera w ich wydaniu niezwyk\u0142ej lekko\u015bci dzi\u0119ki komunikatywnemu j\u0119zykowi, b\u0142yskotliwo\u015bci i poczuciu humoru obydwu autorek. Mamy dzi\u0119ki nim mo\u017cliwo\u015b\u0107 poznania bardzo r\u00f3\u017cnych podej\u015b\u0107 do rodzicielstwa. Ka\u017cda z nich opowiada o swojej rodzinie, ale robi to w szerszym kontek\u015bcie, pokazuj\u0105c zar\u00f3wno podobie\u0144stwa, jak i r\u00f3\u017cnice w odniesieniu do innych, znanych im rodzin. Zyskujemy dzi\u0119ki temu \u015bwietn\u0105 okazj\u0119 do poznania jak\u017ce r\u00f3\u017cnorodnych przekona\u0144, postaw i zachowa\u0144 rodzic\u00f3w i dzieci w r\u00f3\u017cnych kr\u0119gach kulturowych. \u017badna z autorek nie kreuje si\u0119 na nieomyln\u0105, wszechwiedz\u0105c\u0105 specjalistk\u0119, one po prostu dziel\u0105 si\u0119 tym co najcenniejsze-w\u0142asnymi, cz\u0119sto trudnymi do\u015bwiadczeniami i emocjami. Amy Chua i Catherine Crawford pobudzaj\u0105 nas dzi\u0119ki temu do refleksji, stymuluj\u0105 do kreatywno\u015bci i ucz\u0105 zaufania do w\u0142asnych kompetencji rodzicielskich, zw\u0142aszcza gdy b\u0119dziemy uwa\u017cni na to, co czujemy i co prze\u017cywaj\u0105 nasze dzieci&#8230;<\/p>\n<p>Ten specyficzny czas zdaje si\u0119 sprzyja\u0107 bli\u017cszym spotkaniom z literatur\u0105. Kiedy jednak, szcz\u0119\u015bliwie, b\u0119dziemy mogli powr\u00f3ci\u0107 do coraz bardziej wyt\u0119sknionej rzeczywisto\u015bci sprzed kilku zaledwie tygodni i&#8230;.<\/p>\n<p>B\u0119dziecie Pa\u0144stwo przepe\u0142nieni owymi refleksjami, do\u015bwiadczeniami i inspiracjami wychowawczymi p\u0142yn\u0105cymi z literatury, a zapragniecie \u017cywego kontaktu z terapeutami, czy innymi rodzicami (co bywa bardzo wspieraj\u0105ce), to oczywi\u015bcie gor\u0105co zapraszamy do naszej poradni na konsultacje, czy bardzo praktyczne i pomocne w porz\u0105dkowaniu swojego \u015bwiata warsztaty dla rodzic\u00f3w&#8230; &#x1f642;<\/p>\n<p>Anetta Go\u0142\u0119biewska<\/p>\n","protected":false},"excerpt":{"rendered":"<p>O wychowywaniu dzieci\u2026\u00a0 \u017byjemy w trudnych czasach&#8230; Musimy sobie radzi\u0107 w niecodziennych warunkach, stawiaj\u0105cych przed nami nowe wyzwania. Nikt nie ma w tym zakresie do\u015bwiadczenia, nikt te\u017c nie opracowa\u0142 w zwi\u0105zku z tym \u017cadnych pomocnych procedur, czy schemat\u00f3w u\u0142atwiaj\u0105cych funkcjonowanie w warunkach koniecznej, przeci\u0105gaj\u0105cej si\u0119 izolacji&#8230; Izolacji, w kt\u00f3rej wiele os\u00f3b zmuszonych jest radzi\u0107 sobie z trudnymi emocjami w\u0142asnymi, ale [&hellip;]<\/p>\n","protected":false},"author":1,"featured_media":883,"comment_status":"closed","ping_status":"closed","sticky":false,"template":"","format":"standard","meta":{"footnotes":""},"categories":[21],"tags":[],"class_list":["post-882","post","type-post","status-publish","format-standard","has-post-thumbnail","hentry","category-polecana-literatura"],"yoast_head":"<!-- This site is optimized with the Yoast SEO plugin v27.5 - https:\/\/yoast.com\/product\/yoast-seo-wordpress\/ -->\n<title>O wychowywaniu dzieci\u2026 - SPECJALISTYCZNA PORADNIA PSYCHOLOGICZNO-PEDAGOGICZNA DLA DZIECI I M\u0141ODZIE\u017bY Z ZABURZENIAMI EMOCJONALNYMI<\/title>\n<meta name=\"robots\" content=\"index, follow, max-snippet:-1, max-image-preview:large, max-video-preview:-1\" \/>\n<link rel=\"canonical\" href=\"https:\/\/sppp.bialystok.pl\/?p=882\" \/>\n<meta property=\"og:locale\" content=\"pl_PL\" \/>\n<meta property=\"og:type\" content=\"article\" \/>\n<meta property=\"og:title\" content=\"O wychowywaniu dzieci\u2026 - SPECJALISTYCZNA PORADNIA PSYCHOLOGICZNO-PEDAGOGICZNA DLA DZIECI I M\u0141ODZIE\u017bY Z ZABURZENIAMI EMOCJONALNYMI\" \/>\n<meta property=\"og:description\" content=\"O wychowywaniu dzieci\u2026\u00a0 \u017byjemy w trudnych czasach&#8230; Musimy sobie radzi\u0107 w niecodziennych warunkach, stawiaj\u0105cych przed nami nowe wyzwania. Nikt nie ma w tym zakresie do\u015bwiadczenia, nikt te\u017c nie opracowa\u0142 w zwi\u0105zku z tym \u017cadnych pomocnych procedur, czy schemat\u00f3w u\u0142atwiaj\u0105cych funkcjonowanie w warunkach koniecznej, przeci\u0105gaj\u0105cej si\u0119 izolacji&#8230; Izolacji, w kt\u00f3rej wiele os\u00f3b zmuszonych jest radzi\u0107 sobie z trudnymi emocjami w\u0142asnymi, ale [&hellip;]\" \/>\n<meta property=\"og:url\" content=\"https:\/\/sppp.bialystok.pl\/?p=882\" \/>\n<meta property=\"og:site_name\" content=\"SPECJALISTYCZNA PORADNIA PSYCHOLOGICZNO-PEDAGOGICZNA DLA DZIECI I M\u0141ODZIE\u017bY Z ZABURZENIAMI EMOCJONALNYMI\" \/>\n<meta property=\"article:published_time\" content=\"2020-04-07T19:31:07+00:00\" \/>\n<meta property=\"article:modified_time\" content=\"2020-04-07T19:45:58+00:00\" \/>\n<meta property=\"og:image\" content=\"https:\/\/serwer1711885.home.pl\/autoinstalator\/wordpress3\/wp-content\/uploads\/Przechwytywanie.jpg\" \/>\n\t<meta property=\"og:image:width\" content=\"923\" \/>\n\t<meta property=\"og:image:height\" content=\"671\" \/>\n\t<meta property=\"og:image:type\" content=\"image\/jpeg\" \/>\n<meta name=\"author\" content=\"SPPP\" \/>\n<meta name=\"twitter:card\" content=\"summary_large_image\" \/>\n<meta name=\"twitter:label1\" content=\"Napisane przez\" \/>\n\t<meta name=\"twitter:data1\" content=\"SPPP\" \/>\n\t<meta name=\"twitter:label2\" content=\"Szacowany czas czytania\" \/>\n\t<meta name=\"twitter:data2\" content=\"3 minuty\" \/>\n<script type=\"application\/ld+json\" class=\"yoast-schema-graph\">{\"@context\":\"https:\\\/\\\/schema.org\",\"@graph\":[{\"@type\":\"Article\",\"@id\":\"https:\\\/\\\/sppp.bialystok.pl\\\/?p=882#article\",\"isPartOf\":{\"@id\":\"https:\\\/\\\/sppp.bialystok.pl\\\/?p=882\"},\"author\":{\"name\":\"SPPP\",\"@id\":\"https:\\\/\\\/sppp.bialystok.pl\\\/#\\\/schema\\\/person\\\/c59e4ecf56145ebc6b79b334df449444\"},\"headline\":\"O wychowywaniu dzieci\u2026\",\"datePublished\":\"2020-04-07T19:31:07+00:00\",\"dateModified\":\"2020-04-07T19:45:58+00:00\",\"mainEntityOfPage\":{\"@id\":\"https:\\\/\\\/sppp.bialystok.pl\\\/?p=882\"},\"wordCount\":621,\"publisher\":{\"@id\":\"https:\\\/\\\/sppp.bialystok.pl\\\/#organization\"},\"image\":{\"@id\":\"https:\\\/\\\/sppp.bialystok.pl\\\/?p=882#primaryimage\"},\"thumbnailUrl\":\"https:\\\/\\\/serwer1711885.home.pl\\\/autoinstalator\\\/wordpress3\\\/wp-content\\\/uploads\\\/Przechwytywanie.jpg\",\"articleSection\":[\"Polecana literatura\"],\"inLanguage\":\"pl-PL\"},{\"@type\":\"WebPage\",\"@id\":\"https:\\\/\\\/sppp.bialystok.pl\\\/?p=882\",\"url\":\"https:\\\/\\\/sppp.bialystok.pl\\\/?p=882\",\"name\":\"O wychowywaniu dzieci\u2026 - SPECJALISTYCZNA PORADNIA PSYCHOLOGICZNO-PEDAGOGICZNA DLA DZIECI I M\u0141ODZIE\u017bY Z ZABURZENIAMI EMOCJONALNYMI\",\"isPartOf\":{\"@id\":\"https:\\\/\\\/sppp.bialystok.pl\\\/#website\"},\"primaryImageOfPage\":{\"@id\":\"https:\\\/\\\/sppp.bialystok.pl\\\/?p=882#primaryimage\"},\"image\":{\"@id\":\"https:\\\/\\\/sppp.bialystok.pl\\\/?p=882#primaryimage\"},\"thumbnailUrl\":\"https:\\\/\\\/serwer1711885.home.pl\\\/autoinstalator\\\/wordpress3\\\/wp-content\\\/uploads\\\/Przechwytywanie.jpg\",\"datePublished\":\"2020-04-07T19:31:07+00:00\",\"dateModified\":\"2020-04-07T19:45:58+00:00\",\"breadcrumb\":{\"@id\":\"https:\\\/\\\/sppp.bialystok.pl\\\/?p=882#breadcrumb\"},\"inLanguage\":\"pl-PL\",\"potentialAction\":[{\"@type\":\"ReadAction\",\"target\":[\"https:\\\/\\\/sppp.bialystok.pl\\\/?p=882\"]}]},{\"@type\":\"ImageObject\",\"inLanguage\":\"pl-PL\",\"@id\":\"https:\\\/\\\/sppp.bialystok.pl\\\/?p=882#primaryimage\",\"url\":\"https:\\\/\\\/serwer1711885.home.pl\\\/autoinstalator\\\/wordpress3\\\/wp-content\\\/uploads\\\/Przechwytywanie.jpg\",\"contentUrl\":\"https:\\\/\\\/serwer1711885.home.pl\\\/autoinstalator\\\/wordpress3\\\/wp-content\\\/uploads\\\/Przechwytywanie.jpg\",\"width\":923,\"height\":671},{\"@type\":\"BreadcrumbList\",\"@id\":\"https:\\\/\\\/sppp.bialystok.pl\\\/?p=882#breadcrumb\",\"itemListElement\":[{\"@type\":\"ListItem\",\"position\":1,\"name\":\"Strona g\u0142\u00f3wna\",\"item\":\"https:\\\/\\\/sppp.bialystok.pl\\\/\"},{\"@type\":\"ListItem\",\"position\":2,\"name\":\"O wychowywaniu dzieci\u2026\"}]},{\"@type\":\"WebSite\",\"@id\":\"https:\\\/\\\/sppp.bialystok.pl\\\/#website\",\"url\":\"https:\\\/\\\/sppp.bialystok.pl\\\/\",\"name\":\"SPECJALISTYCZNA PORADNIA PSYCHOLOGICZNO-PEDAGOGICZNA DLA DZIECI I M\u0141ODZIE\u017bY Z ZABURZENIAMI EMOCJONALNYMI\",\"description\":\"\",\"publisher\":{\"@id\":\"https:\\\/\\\/sppp.bialystok.pl\\\/#organization\"},\"potentialAction\":[{\"@type\":\"SearchAction\",\"target\":{\"@type\":\"EntryPoint\",\"urlTemplate\":\"https:\\\/\\\/sppp.bialystok.pl\\\/?s={search_term_string}\"},\"query-input\":{\"@type\":\"PropertyValueSpecification\",\"valueRequired\":true,\"valueName\":\"search_term_string\"}}],\"inLanguage\":\"pl-PL\"},{\"@type\":\"Organization\",\"@id\":\"https:\\\/\\\/sppp.bialystok.pl\\\/#organization\",\"name\":\"SPECJALISTYCZNA PORADNIA PSYCHOLOGICZNO-PEDAGOGICZNA DLA DZIECI I M\u0141ODZIE\u017bY Z ZABURZENIAMI EMOCJONALNYMI\",\"url\":\"https:\\\/\\\/sppp.bialystok.pl\\\/\",\"logo\":{\"@type\":\"ImageObject\",\"inLanguage\":\"pl-PL\",\"@id\":\"https:\\\/\\\/sppp.bialystok.pl\\\/#\\\/schema\\\/logo\\\/image\\\/\",\"url\":\"https:\\\/\\\/serwer1711885.home.pl\\\/autoinstalator\\\/wordpress3\\\/wp-content\\\/uploads\\\/admin-ajax.php_.png\",\"contentUrl\":\"https:\\\/\\\/serwer1711885.home.pl\\\/autoinstalator\\\/wordpress3\\\/wp-content\\\/uploads\\\/admin-ajax.php_.png\",\"width\":400,\"height\":50,\"caption\":\"SPECJALISTYCZNA PORADNIA PSYCHOLOGICZNO-PEDAGOGICZNA DLA DZIECI I M\u0141ODZIE\u017bY Z ZABURZENIAMI EMOCJONALNYMI\"},\"image\":{\"@id\":\"https:\\\/\\\/sppp.bialystok.pl\\\/#\\\/schema\\\/logo\\\/image\\\/\"}},{\"@type\":\"Person\",\"@id\":\"https:\\\/\\\/sppp.bialystok.pl\\\/#\\\/schema\\\/person\\\/c59e4ecf56145ebc6b79b334df449444\",\"name\":\"SPPP\",\"image\":{\"@type\":\"ImageObject\",\"inLanguage\":\"pl-PL\",\"@id\":\"https:\\\/\\\/secure.gravatar.com\\\/avatar\\\/806da842e74513eefadab459e56e5bbe4490ef4b5ce12a1e06f5390bf6a847e6?s=96&d=mm&r=g\",\"url\":\"https:\\\/\\\/secure.gravatar.com\\\/avatar\\\/806da842e74513eefadab459e56e5bbe4490ef4b5ce12a1e06f5390bf6a847e6?s=96&d=mm&r=g\",\"contentUrl\":\"https:\\\/\\\/secure.gravatar.com\\\/avatar\\\/806da842e74513eefadab459e56e5bbe4490ef4b5ce12a1e06f5390bf6a847e6?s=96&d=mm&r=g\",\"caption\":\"SPPP\"},\"url\":\"https:\\\/\\\/sppp.bialystok.pl\\\/?author=1\"}]}<\/script>\n<!-- \/ Yoast SEO plugin. -->","yoast_head_json":{"title":"O wychowywaniu dzieci\u2026 - SPECJALISTYCZNA PORADNIA PSYCHOLOGICZNO-PEDAGOGICZNA DLA DZIECI I M\u0141ODZIE\u017bY Z ZABURZENIAMI EMOCJONALNYMI","robots":{"index":"index","follow":"follow","max-snippet":"max-snippet:-1","max-image-preview":"max-image-preview:large","max-video-preview":"max-video-preview:-1"},"canonical":"https:\/\/sppp.bialystok.pl\/?p=882","og_locale":"pl_PL","og_type":"article","og_title":"O wychowywaniu dzieci\u2026 - SPECJALISTYCZNA PORADNIA PSYCHOLOGICZNO-PEDAGOGICZNA DLA DZIECI I M\u0141ODZIE\u017bY Z ZABURZENIAMI EMOCJONALNYMI","og_description":"O wychowywaniu dzieci\u2026\u00a0 \u017byjemy w trudnych czasach&#8230; Musimy sobie radzi\u0107 w niecodziennych warunkach, stawiaj\u0105cych przed nami nowe wyzwania. Nikt nie ma w tym zakresie do\u015bwiadczenia, nikt te\u017c nie opracowa\u0142 w zwi\u0105zku z tym \u017cadnych pomocnych procedur, czy schemat\u00f3w u\u0142atwiaj\u0105cych funkcjonowanie w warunkach koniecznej, przeci\u0105gaj\u0105cej si\u0119 izolacji&#8230; Izolacji, w kt\u00f3rej wiele os\u00f3b zmuszonych jest radzi\u0107 sobie z trudnymi emocjami w\u0142asnymi, ale [&hellip;]","og_url":"https:\/\/sppp.bialystok.pl\/?p=882","og_site_name":"SPECJALISTYCZNA PORADNIA PSYCHOLOGICZNO-PEDAGOGICZNA DLA DZIECI I M\u0141ODZIE\u017bY Z ZABURZENIAMI EMOCJONALNYMI","article_published_time":"2020-04-07T19:31:07+00:00","article_modified_time":"2020-04-07T19:45:58+00:00","og_image":[{"width":923,"height":671,"url":"https:\/\/serwer1711885.home.pl\/autoinstalator\/wordpress3\/wp-content\/uploads\/Przechwytywanie.jpg","type":"image\/jpeg"}],"author":"SPPP","twitter_card":"summary_large_image","twitter_misc":{"Napisane przez":"SPPP","Szacowany czas czytania":"3 minuty"},"schema":{"@context":"https:\/\/schema.org","@graph":[{"@type":"Article","@id":"https:\/\/sppp.bialystok.pl\/?p=882#article","isPartOf":{"@id":"https:\/\/sppp.bialystok.pl\/?p=882"},"author":{"name":"SPPP","@id":"https:\/\/sppp.bialystok.pl\/#\/schema\/person\/c59e4ecf56145ebc6b79b334df449444"},"headline":"O wychowywaniu dzieci\u2026","datePublished":"2020-04-07T19:31:07+00:00","dateModified":"2020-04-07T19:45:58+00:00","mainEntityOfPage":{"@id":"https:\/\/sppp.bialystok.pl\/?p=882"},"wordCount":621,"publisher":{"@id":"https:\/\/sppp.bialystok.pl\/#organization"},"image":{"@id":"https:\/\/sppp.bialystok.pl\/?p=882#primaryimage"},"thumbnailUrl":"https:\/\/serwer1711885.home.pl\/autoinstalator\/wordpress3\/wp-content\/uploads\/Przechwytywanie.jpg","articleSection":["Polecana literatura"],"inLanguage":"pl-PL"},{"@type":"WebPage","@id":"https:\/\/sppp.bialystok.pl\/?p=882","url":"https:\/\/sppp.bialystok.pl\/?p=882","name":"O wychowywaniu dzieci\u2026 - SPECJALISTYCZNA PORADNIA PSYCHOLOGICZNO-PEDAGOGICZNA DLA DZIECI I M\u0141ODZIE\u017bY Z ZABURZENIAMI EMOCJONALNYMI","isPartOf":{"@id":"https:\/\/sppp.bialystok.pl\/#website"},"primaryImageOfPage":{"@id":"https:\/\/sppp.bialystok.pl\/?p=882#primaryimage"},"image":{"@id":"https:\/\/sppp.bialystok.pl\/?p=882#primaryimage"},"thumbnailUrl":"https:\/\/serwer1711885.home.pl\/autoinstalator\/wordpress3\/wp-content\/uploads\/Przechwytywanie.jpg","datePublished":"2020-04-07T19:31:07+00:00","dateModified":"2020-04-07T19:45:58+00:00","breadcrumb":{"@id":"https:\/\/sppp.bialystok.pl\/?p=882#breadcrumb"},"inLanguage":"pl-PL","potentialAction":[{"@type":"ReadAction","target":["https:\/\/sppp.bialystok.pl\/?p=882"]}]},{"@type":"ImageObject","inLanguage":"pl-PL","@id":"https:\/\/sppp.bialystok.pl\/?p=882#primaryimage","url":"https:\/\/serwer1711885.home.pl\/autoinstalator\/wordpress3\/wp-content\/uploads\/Przechwytywanie.jpg","contentUrl":"https:\/\/serwer1711885.home.pl\/autoinstalator\/wordpress3\/wp-content\/uploads\/Przechwytywanie.jpg","width":923,"height":671},{"@type":"BreadcrumbList","@id":"https:\/\/sppp.bialystok.pl\/?p=882#breadcrumb","itemListElement":[{"@type":"ListItem","position":1,"name":"Strona g\u0142\u00f3wna","item":"https:\/\/sppp.bialystok.pl\/"},{"@type":"ListItem","position":2,"name":"O wychowywaniu dzieci\u2026"}]},{"@type":"WebSite","@id":"https:\/\/sppp.bialystok.pl\/#website","url":"https:\/\/sppp.bialystok.pl\/","name":"SPECJALISTYCZNA PORADNIA PSYCHOLOGICZNO-PEDAGOGICZNA DLA DZIECI I M\u0141ODZIE\u017bY Z ZABURZENIAMI EMOCJONALNYMI","description":"","publisher":{"@id":"https:\/\/sppp.bialystok.pl\/#organization"},"potentialAction":[{"@type":"SearchAction","target":{"@type":"EntryPoint","urlTemplate":"https:\/\/sppp.bialystok.pl\/?s={search_term_string}"},"query-input":{"@type":"PropertyValueSpecification","valueRequired":true,"valueName":"search_term_string"}}],"inLanguage":"pl-PL"},{"@type":"Organization","@id":"https:\/\/sppp.bialystok.pl\/#organization","name":"SPECJALISTYCZNA PORADNIA PSYCHOLOGICZNO-PEDAGOGICZNA DLA DZIECI I M\u0141ODZIE\u017bY Z ZABURZENIAMI EMOCJONALNYMI","url":"https:\/\/sppp.bialystok.pl\/","logo":{"@type":"ImageObject","inLanguage":"pl-PL","@id":"https:\/\/sppp.bialystok.pl\/#\/schema\/logo\/image\/","url":"https:\/\/serwer1711885.home.pl\/autoinstalator\/wordpress3\/wp-content\/uploads\/admin-ajax.php_.png","contentUrl":"https:\/\/serwer1711885.home.pl\/autoinstalator\/wordpress3\/wp-content\/uploads\/admin-ajax.php_.png","width":400,"height":50,"caption":"SPECJALISTYCZNA PORADNIA PSYCHOLOGICZNO-PEDAGOGICZNA DLA DZIECI I M\u0141ODZIE\u017bY Z ZABURZENIAMI EMOCJONALNYMI"},"image":{"@id":"https:\/\/sppp.bialystok.pl\/#\/schema\/logo\/image\/"}},{"@type":"Person","@id":"https:\/\/sppp.bialystok.pl\/#\/schema\/person\/c59e4ecf56145ebc6b79b334df449444","name":"SPPP","image":{"@type":"ImageObject","inLanguage":"pl-PL","@id":"https:\/\/secure.gravatar.com\/avatar\/806da842e74513eefadab459e56e5bbe4490ef4b5ce12a1e06f5390bf6a847e6?s=96&d=mm&r=g","url":"https:\/\/secure.gravatar.com\/avatar\/806da842e74513eefadab459e56e5bbe4490ef4b5ce12a1e06f5390bf6a847e6?s=96&d=mm&r=g","contentUrl":"https:\/\/secure.gravatar.com\/avatar\/806da842e74513eefadab459e56e5bbe4490ef4b5ce12a1e06f5390bf6a847e6?s=96&d=mm&r=g","caption":"SPPP"},"url":"https:\/\/sppp.bialystok.pl\/?author=1"}]}},"_links":{"self":[{"href":"https:\/\/sppp.bialystok.pl\/index.php?rest_route=\/wp\/v2\/posts\/882","targetHints":{"allow":["GET"]}}],"collection":[{"href":"https:\/\/sppp.bialystok.pl\/index.php?rest_route=\/wp\/v2\/posts"}],"about":[{"href":"https:\/\/sppp.bialystok.pl\/index.php?rest_route=\/wp\/v2\/types\/post"}],"author":[{"embeddable":true,"href":"https:\/\/sppp.bialystok.pl\/index.php?rest_route=\/wp\/v2\/users\/1"}],"replies":[{"embeddable":true,"href":"https:\/\/sppp.bialystok.pl\/index.php?rest_route=%2Fwp%2Fv2%2Fcomments&post=882"}],"version-history":[{"count":1,"href":"https:\/\/sppp.bialystok.pl\/index.php?rest_route=\/wp\/v2\/posts\/882\/revisions"}],"predecessor-version":[{"id":884,"href":"https:\/\/sppp.bialystok.pl\/index.php?rest_route=\/wp\/v2\/posts\/882\/revisions\/884"}],"wp:featuredmedia":[{"embeddable":true,"href":"https:\/\/sppp.bialystok.pl\/index.php?rest_route=\/wp\/v2\/media\/883"}],"wp:attachment":[{"href":"https:\/\/sppp.bialystok.pl\/index.php?rest_route=%2Fwp%2Fv2%2Fmedia&parent=882"}],"wp:term":[{"taxonomy":"category","embeddable":true,"href":"https:\/\/sppp.bialystok.pl\/index.php?rest_route=%2Fwp%2Fv2%2Fcategories&post=882"},{"taxonomy":"post_tag","embeddable":true,"href":"https:\/\/sppp.bialystok.pl\/index.php?rest_route=%2Fwp%2Fv2%2Ftags&post=882"}],"curies":[{"name":"wp","href":"https:\/\/api.w.org\/{rel}","templated":true}]}}