{"id":1090,"date":"2021-09-15T17:20:31","date_gmt":"2021-09-15T16:20:31","guid":{"rendered":"https:\/\/sppp.bialystok.pl\/?p=1090"},"modified":"2021-09-15T17:58:00","modified_gmt":"2021-09-15T16:58:00","slug":"adaptacja-dzieci-trzyletnich-do-warunkow-przedszkolnych","status":"publish","type":"post","link":"https:\/\/sppp.bialystok.pl\/?p=1090","title":{"rendered":"Adaptacja dzieci trzyletnich do warunk\u00f3w przedszkolnych"},"content":{"rendered":"<p><span data-contrast=\"auto\">Rozpocz\u0119cie przez dziecko edukacji w przedszkolu to prze\u0142omowy a zarazem stresuj\u0105cy moment, zar\u00f3wno w \u017cyciu dziecka jak i jego rodzic\u00f3w. Wiele dzieci po raz pierwszy styka si\u0119 z tak liczn\u0105 grup\u0105 r\u00f3wie\u015bnicz\u0105. Zmienia si\u0119 te\u017c dotychczasowy tryb \u017cycia i zaspokajania potrzeb &#8211; trzeba si\u0119 dostosowa\u0107 do nowego rytmu dnia. Taka sytuacja rodzi napi\u0119cie emocjonalne. Naturalne jest to \u017ce, w pierwszych dniach pobytu w przedszkolu dzieci s\u0105 nieco zdezorientowane, zal\u0119knione. Obecnie przedszkola pracuj\u0105 w tzw. re\u017cimie sanitarnym, co mo\u017ce by\u0107 dodatkowym utrudnieniem w procesie adaptacji (ograniczenia dotycz\u0105ce przebywania rodzic\u00f3w na terenie przedszkola, przynoszenia zabawek z domu itp.).\u00a0<\/span><span data-ccp-props=\"{&quot;335551550&quot;:6,&quot;335551620&quot;:6,&quot;335559731&quot;:708,&quot;335559740&quot;:360}\">\u00a0<\/span><\/p>\n<p><span data-contrast=\"auto\">Przed trzylatkiem stoi, wi\u0119c wiele wyzwa\u0144.\u00a0<\/span><span data-ccp-props=\"{&quot;335551550&quot;:6,&quot;335551620&quot;:6,&quot;335559740&quot;:360}\">\u00a0<\/span><\/p>\n<p><span data-contrast=\"auto\">Dziecko musi przyswoi\u0107 sobie wiele nowych zasad, zar\u00f3wno zwi\u0105zanych z organizacj\u0105 \u017cycia w plac\u00f3wce, jak i z normami grupowymi. Zasady funkcjonowania w przedszkolu s\u0105 nieco inne ni\u017c te obowi\u0105zuj\u0105ce w domu i dotycz\u0105 np. okre\u015blonych p\u00f3r spo\u017cywania posi\u0142k\u00f3w, drzemki, czasu na zabaw\u0119. W domu dzieci przyzwyczajone s\u0105 do wi\u0119kszej swobody, posiadania swoich przedmiot\u00f3w, zabawek i przys\u0142uguj\u0105cego im \u201eprawa w\u0142asno\u015bci\u201d. W przedszkolu zabawki s\u0105 w\u0142asno\u015bci\u0105 spo\u0142eczn\u0105<\/span><b><span data-contrast=\"auto\">, <\/span><\/b><span data-contrast=\"auto\">co wi\u0105\u017ce si\u0119 z ograniczeniami w swobodnym z nich korzystaniu. Organizacja dnia jest r\u00f3wnie\u017c inna ni\u017c w domu, dostosowana do potrzeb wi\u0119kszo\u015bci, a nie pojedynczego dziecka, co cz\u0119sto wi\u0105\u017ce si\u0119 z konieczno\u015bci\u0105 zmiany dotychczasowych przyzwyczaje\u0144.\u00a0<\/span><span data-ccp-props=\"{&quot;335551550&quot;:6,&quot;335551620&quot;:6,&quot;335559731&quot;:708,&quot;335559740&quot;:360}\">\u00a0<\/span><\/p>\n<p><span data-contrast=\"auto\">Dziecko rozpoczynaj\u0105ce edukacj\u0119 w przedszkolu musi nauczy\u0107 si\u0119 funkcjonowa\u0107 w wi\u0119kszej grupie. Oznacza to, \u017ce wiele potrzeb musi umie\u0107 zaspokoi\u0107 samodzielnie, gdy\u017c jeden nauczyciel, maj\u0105cy pod opiek\u0105 wiele dzieci nie jest w stanie po\u015bwi\u0119ci\u0107 mu ca\u0142ej swojej uwagi. Jest to dla dziecka du\u017cym wyzwaniem, poniewa\u017c w rodzinie jego potrzeby zaspokajane s\u0105 niemal natychmiast, a pozyskanie uwagi rodzica nie wymaga wi\u0119kszego wysi\u0142ku. W przedszkolu znacznie trudniej jest zdoby\u0107 uwag\u0119 doros\u0142ego na wy\u0142\u0105czno\u015b\u0107.\u00a0<\/span><span data-ccp-props=\"{&quot;335551550&quot;:6,&quot;335551620&quot;:6,&quot;335559731&quot;:708,&quot;335559740&quot;:360}\">\u00a0<\/span><\/p>\n<p><span data-contrast=\"auto\">Dziecko przebywaj\u0105c w wi\u0119kszej grupie uczy si\u0119 te\u017c wielu wa\u017cnych umiej\u0119tno\u015bci spo\u0142ecznych: rozwi\u0105zywania konflikt\u00f3w, wsp\u00f3\u0142pracy, dbania o wsp\u00f3lne dobro, czekania na swoj\u0105 kolej itp.\u00a0<\/span><span data-ccp-props=\"{&quot;335551550&quot;:6,&quot;335551620&quot;:6,&quot;335559731&quot;:708,&quot;335559740&quot;:360}\">\u00a0<\/span><\/p>\n<p><span data-contrast=\"auto\">Cho\u0107 pocz\u0105tek pobytu w przedszkolu jest dla dziecka \u017ar\u00f3d\u0142em sporego stresu, to wychowanie w plac\u00f3wce niesie szereg korzy\u015bci dla jego rozwoju: staje si\u0119 ono bardziej samodzielne, szybciej uczy si\u0119 funkcjonowania w grupie spo\u0142ecznej, stopniowo wyzbywa si\u0119 charakterystycznego w tym wieku egocentryzmu. W przedszkolu nawi\u0105zuje te\u017c zwykle pierwsze przyja\u017anie.<\/span><span data-ccp-props=\"{&quot;335551550&quot;:6,&quot;335551620&quot;:6,&quot;335559731&quot;:708,&quot;335559740&quot;:360}\">\u00a0<\/span><\/p>\n<p><span data-contrast=\"auto\">Poni\u017cej prezentuje kilka wskaz\u00f3wek, kt\u00f3re mog\u0105 pom\u00f3c dziecku w trudnym procesie adaptacji do przedszkola:\u00a0<\/span><span data-ccp-props=\"{&quot;335551550&quot;:6,&quot;335551620&quot;:6,&quot;335559731&quot;:360,&quot;335559740&quot;:360}\">\u00a0<\/span><\/p>\n<p style=\"padding-left: 40px;\"><span data-contrast=\"auto\">To co nieznane zwykle budzi mniejszy lub wi\u0119kszy niepok\u00f3j. Dlatego wa\u017cne jest, na tyle na ile to mo\u017cliwe, wcze\u015bniejsze oswojenie dziecka z miejscem, w kt\u00f3rym niebawem b\u0119dzie sp\u0119dza\u0107 znaczn\u0105 cz\u0119\u015b\u0107 dnia. Wi\u0119kszo\u015b\u0107 przedszkoli organizuje tzw. dni adaptacyjne, podczas kt\u00f3rych dziecko ma szans\u0119 lepiej pozna\u0107 nowe \u015brodowisko i skonfrontowa\u0107 swoje wyobra\u017cenia na temat tego miejsca. Pozwala to w znacznym stopniu zredukowa\u0107 l\u0119k.\u00a0<\/span><span data-ccp-props=\"{&quot;335551550&quot;:6,&quot;335551620&quot;:6,&quot;335559740&quot;:360}\">\u00a0<\/span><span data-ccp-props=\"{&quot;335551550&quot;:6,&quot;335551620&quot;:6,&quot;335559740&quot;:360}\"><br \/>\n<\/span><\/p>\n<p style=\"padding-left: 40px;\"><span data-contrast=\"auto\">Podstaw\u0105 prawid\u0142owej relacji rodzic-dziecko jest zaufanie. Dlatego nie nale\u017cy ok\u0142amywa\u0107 swojej pociechy ani sk\u0142ada\u0107 obietnic bez pokrycia. Nie obiecujmy wi\u0119c dziecku, \u017ce w przedszkolu \u201eb\u0119dzie fajnie\u201d, bo nie mamy wcale takiej pewno\u015bci. Co wi\u0119cej, istnieje spore prawdopodobie\u0144stwo, \u017ce pocz\u0105tki b\u0119d\u0105 trudne. Warto natomiast wyposa\u017cy\u0107 dziecko w przydatne wskaz\u00f3wki np. m\u00f3wi\u0105c mu jak poradzi\u0107 sobie w r\u00f3\u017cnych problematycznych sytuacjach, kiedy zwr\u00f3ci\u0107 si\u0119 po pomoc do pani itp.\u00a0<\/span><span data-ccp-props=\"{&quot;335551550&quot;:6,&quot;335551620&quot;:6,&quot;335559740&quot;:360}\"><br \/>\n<\/span><\/p>\n<p style=\"padding-left: 40px;\"><span data-contrast=\"auto\">Rozpocz\u0119cie edukacji w przedszkolu jest ogromn\u0105 zmian\u0105 w \u017cyciu dziecka. Aby zminimalizowa\u0107 zwi\u0105zany z tym stres nale\u017cy ograniczy\u0107 wprowadzanie innych \u201edu\u017cych\u201d zmian w tym samym czasie. Dlatego bardzo wa\u017cne jest, aby trening czysto\u015bci przeprowadzi\u0107 wcze\u015bniej. Je\u017celi Twoje dziecko korzysta jeszcze z pieluszek, okres wakacji jest idealnym czasem na po\u017cegnanie z pampersem. Ciep\u0142a pogoda powoduje, \u017ce skutki ewentualnej \u201ewpadki\u201d b\u0119d\u0105 mniej dotkliwe. Wi\u0119ksza samodzielno\u015b\u0107 dziecka w obszarze samoobs\u0142ugi sprawi, \u017ce nabierze ono pewno\u015bci siebie, nie b\u0119dzie \u201eodstawa\u0142o\u201d od innych dzieci, co zminimalizuje poczucie zagubienia.<\/span><span data-ccp-props=\"{&quot;335551550&quot;:6,&quot;335551620&quot;:6,&quot;335559740&quot;:360}\"><br \/>\n<\/span><\/p>\n<p style=\"padding-left: 40px;\"><span data-contrast=\"auto\">Jednym z trudniejszych moment\u00f3w dla dzieci rozpoczynaj\u0105cych edukacj\u0119 w przedszkolu i ich rodzic\u00f3w jest moment porannego rozstania. Niekt\u00f3rzy rodzice \u201eznikaj\u0105\u201d niepostrze\u017cenie w momencie, gdy dziecko na chwil\u0119 odwr\u00f3ci swoj\u0105 uwag\u0119. Nie jest to dobrym pomys\u0142em, gdy\u017c wywo\u0142uje w dziecku dezorientacj\u0119, poczucie porzucenia, pot\u0119guje l\u0119k. Po\u017cegnanie si\u0119 z dzieckiem jest niezb\u0119dne. Powinno by\u0107 ono ciep\u0142e, serdeczne a jednocze\u015bnie kr\u00f3tkie. Nie wymagaj od dziecka deklaracji, \u017ce nie b\u0119dzie p\u0142aka\u0107. \u017bycz mu dobrej zabawy, powiedz kiedy b\u0119dzie odebrane. Trzylatki nie znaj\u0105 si\u0119 jeszcze na zegarku, dlatego okre\u015blaj\u0105c moment powrotu do domu nale\u017cy odnosi\u0107 si\u0119 do sta\u0142ych punkt\u00f3w dnia np. \u201epo le\u017cakowaniu\u201d, \u201epo podwieczorku\u201d. Je\u017celi ze wzgl\u0119du na re\u017cim sanitarny rodzic nie mo\u017ce wej\u015b\u0107 z dzieckiem do szatni warto wcze\u015bniej uprzedzi\u0107 o tym dziecko.\u00a0<\/span><span data-ccp-props=\"{&quot;335551550&quot;:6,&quot;335551620&quot;:6,&quot;335559740&quot;:360}\">\u00a0<\/span><\/p>\n<p style=\"padding-left: 40px;\"><span data-contrast=\"auto\">Je\u017celi rodzic ma tak\u0105 mo\u017cliwo\u015b\u0107, dobrze jest w pocz\u0105tkowym okresie ucz\u0119szczania dziecka do przedszkola odbiera\u0107 je troch\u0119 wcze\u015bniej. Gdy widzimy, \u017ce proces adaptacji idzie w dobrym kierunku, mo\u017cna stopniowo wyd\u0142u\u017ca\u0107 pobyt.<\/span><span data-ccp-props=\"{&quot;335551550&quot;:6,&quot;335551620&quot;:6,&quot;335559740&quot;:360}\"><br \/>\n<\/span><\/p>\n<p style=\"padding-left: 40px;\"><span data-contrast=\"auto\">Warto w pierwszych dniach pobytu w przedszkolu pozwoli\u0107 dziecku wzi\u0105\u0107 co\u015b z domu np. ulubion\u0105 zabawk\u0119, przytulank\u0119, czy zdj\u0119cie z mam\u0105 i tat\u0105. Dzi\u0119ki temu b\u0119dzie ono mia\u0142o poczucie \u0142\u0105czno\u015bci z domem. Wcze\u015bniej nale\u017cy jednak upewni\u0107 si\u0119, czy pozwalaj\u0105 na to\u00a0 przepisy sanitarne.\u00a0<\/span><span data-ccp-props=\"{&quot;335551550&quot;:6,&quot;335551620&quot;:6,&quot;335559740&quot;:360}\"><br \/>\n<\/span><\/p>\n<p style=\"padding-left: 40px;\"><span data-contrast=\"auto\">Pozw\u00f3l dziecku na trudne emocje. Gdy doros\u0142y zaczyna prac\u0119 w nowym miejscu te\u017c zwykle do\u015bwiadcza stresu i r\u00f3\u017cnego rodzaju obaw. Bywa, \u017ce w przedszkolu dziecko zachowuje si\u0119 spokojnie, ale odreagowuje przykre emocje po powrocie do domu, czyli w \u015brodowisku w kt\u00f3rym czuje si\u0119 bezpiecznie. Taka sytuacja w pocz\u0105tkowym okresie adaptacji nie powinna budzi\u0107 niepokoju.<\/span><span data-ccp-props=\"{&quot;335551550&quot;:6,&quot;335551620&quot;:6,&quot;335559740&quot;:360}\"><br \/>\n<\/span><\/p>\n<p style=\"padding-left: 40px;\"><span data-contrast=\"auto\">Chwal i nagradzaj dziecko nawet je\u015bli wiadomo, \u017ce przep\u0142aka\u0142o wi\u0119kszo\u015b\u0107 dnia. Najlepiej, aby nagroda by\u0142a niematerialna. Dzieci szybko si\u0119 przyzwyczajaj\u0105 do tego co dobre. Dlatego nie jest dobrym pomys\u0142em kupowanie nowej zabawki za ka\u017cdy dzie\u0144 pobytu w przedszkolu. Lepsz\u0105 nagrod\u0105 b\u0119dzie np. wyj\u015bcie na plac zabaw lub inna wsp\u00f3lna aktywno\u015b\u0107, kt\u00f3r\u0105 dziecko lubi. Po powrocie z przedszkola pozw\u00f3l mu poby\u0107 przez pewien czas w centrum uwagi (zw\u0142aszcza je\u017celi w domu jest m\u0142odsze rodze\u0144stwo).\u00a0<\/span><span data-ccp-props=\"{&quot;335551550&quot;:6,&quot;335551620&quot;:6,&quot;335559740&quot;:360}\"><br \/>\n<\/span><\/p>\n<p style=\"padding-left: 40px;\"><span data-contrast=\"auto\">Rozpocz\u0119cie przez dziecko edukacji w przedszkolu jest stresuj\u0105ce nie tylko dla niego samego, ale r\u00f3wnie\u017c dla jego rodzic\u00f3w. Bywa, \u017ce mama czy tata s\u0105 bardziej przej\u0119ci ni\u017c ich pociecha. Tymczasem nastawienie rodzic\u00f3w jest bardzo istotne w procesie adaptacji. Dzieci \u015bwietnie wyczuwaj\u0105 emocje najbli\u017cszych. Je\u015bli dostrzegaj\u0105 niepok\u00f3j w rodzicach nabieraj\u0105 przekonania, \u017ce jest si\u0119 czego ba\u0107. Je\u015bli rodzic my\u015bli \u201ena pewno sobie nie poradzi\u201d, \u201eto b\u0119dzie dla niego prawdziwy dramat\u201d itp., jest du\u017ce prawdopodobie\u0144stwo, \u017ce tak w\u0142a\u015bnie b\u0119dzie. W psychologii takie zjawisko nazywane jest \u201esamospe\u0142niaj\u0105cym si\u0119 proroctwem\u201d. Pozytywne nastawienie rodzic\u00f3w jest wi\u0119c bardzo wa\u017cne. Aby zminimalizowa\u0107 l\u0119k o dziecko zadbaj o sw\u00f3j komfort psychiczny np. ustalaj\u0105c spos\u00f3b komunikacji z wychowawc\u0105.\u00a0<\/span><span data-ccp-props=\"{&quot;335551550&quot;:6,&quot;335551620&quot;:6,&quot;335559740&quot;:360}\">\u00a0<\/span><\/p>\n<p><span data-contrast=\"auto\">Okres adaptacji przebiega r\u00f3\u017cnie u r\u00f3\u017cnych dzieci i zale\u017cy od wielu czynnik\u00f3w np. czy w domu jest rodze\u0144stwo i w jakim wieku. Je\u017celi starszy brat\/siostra chodzi ju\u017c do tego samego przedszkola, trzylatek ma znacznie \u0142atwiej. Je\u017celi w domu niedawno pojawi\u0142 si\u0119 maluch, kt\u00f3ry zostaje z rodzicem w domu, podczas gdy trzylatek idzie do przedszkola- znacznie trudniej. Czas w jakim dziecko przystosuje si\u0119 do pobytu w przedszkolu mo\u017ce zatem by\u0107 r\u00f3wnie\u017c r\u00f3\u017cny. Wa\u017cny jest w tym przypadku kontakt z wychowawcami grupy. Je\u015bli rodzic dostaje sygna\u0142y, \u017ce adaptacja dziecka nie przebiega pomy\u015blnie warto rozwa\u017cy\u0107 kontakt z poradni\u0105 psychologiczno-pedagogiczn\u0105. Pozwoli to ustali\u0107 przyczyny trudno\u015bci dziecka oraz\u00a0 udzieli\u0107 mu adekwatnej pomocy.<\/span><span data-ccp-props=\"{&quot;335551550&quot;:6,&quot;335551620&quot;:6,&quot;335559731&quot;:708,&quot;335559740&quot;:360}\">\u00a0<\/span><\/p>\n<p><span data-contrast=\"auto\">Pedagog Agnieszka \u0141uszczewska<\/span><span data-ccp-props=\"{&quot;335551550&quot;:6,&quot;335551620&quot;:6,&quot;335559740&quot;:360}\">\u00a0<\/span><\/p>\n<p><span data-contrast=\"auto\">Opracowanie: Agnieszka \u0141uszczewska, pedagog<\/span><span data-ccp-props=\"{&quot;335551550&quot;:6,&quot;335551620&quot;:6,&quot;335559740&quot;:360}\">\u00a0<\/span><\/p>\n","protected":false},"excerpt":{"rendered":"<p>Rozpocz\u0119cie przez dziecko edukacji w przedszkolu to prze\u0142omowy a zarazem stresuj\u0105cy moment, zar\u00f3wno w \u017cyciu dziecka jak i jego rodzic\u00f3w. Wiele dzieci po raz pierwszy styka si\u0119 z tak liczn\u0105 grup\u0105 r\u00f3wie\u015bnicz\u0105. Zmienia si\u0119 te\u017c dotychczasowy tryb \u017cycia i zaspokajania potrzeb &#8211; trzeba si\u0119 dostosowa\u0107 do nowego rytmu dnia. Taka sytuacja rodzi napi\u0119cie emocjonalne. Naturalne jest to \u017ce, w pierwszych [&hellip;]<\/p>\n","protected":false},"author":1,"featured_media":808,"comment_status":"closed","ping_status":"closed","sticky":false,"template":"","format":"standard","meta":{"footnotes":""},"categories":[23],"tags":[],"class_list":["post-1090","post","type-post","status-publish","format-standard","has-post-thumbnail","hentry","category-artykuly"],"yoast_head":"<!-- This site is optimized with the Yoast SEO plugin v27.5 - https:\/\/yoast.com\/product\/yoast-seo-wordpress\/ -->\n<title>Adaptacja dzieci trzyletnich do warunk\u00f3w przedszkolnych - SPECJALISTYCZNA PORADNIA PSYCHOLOGICZNO-PEDAGOGICZNA DLA DZIECI I M\u0141ODZIE\u017bY Z ZABURZENIAMI EMOCJONALNYMI<\/title>\n<meta name=\"robots\" content=\"index, follow, max-snippet:-1, max-image-preview:large, max-video-preview:-1\" \/>\n<link rel=\"canonical\" href=\"https:\/\/sppp.bialystok.pl\/?p=1090\" \/>\n<meta property=\"og:locale\" content=\"pl_PL\" \/>\n<meta property=\"og:type\" content=\"article\" \/>\n<meta property=\"og:title\" content=\"Adaptacja dzieci trzyletnich do warunk\u00f3w przedszkolnych - SPECJALISTYCZNA PORADNIA PSYCHOLOGICZNO-PEDAGOGICZNA DLA DZIECI I M\u0141ODZIE\u017bY Z ZABURZENIAMI EMOCJONALNYMI\" \/>\n<meta property=\"og:description\" content=\"Rozpocz\u0119cie przez dziecko edukacji w przedszkolu to prze\u0142omowy a zarazem stresuj\u0105cy moment, zar\u00f3wno w \u017cyciu dziecka jak i jego rodzic\u00f3w. Wiele dzieci po raz pierwszy styka si\u0119 z tak liczn\u0105 grup\u0105 r\u00f3wie\u015bnicz\u0105. Zmienia si\u0119 te\u017c dotychczasowy tryb \u017cycia i zaspokajania potrzeb &#8211; trzeba si\u0119 dostosowa\u0107 do nowego rytmu dnia. Taka sytuacja rodzi napi\u0119cie emocjonalne. Naturalne jest to \u017ce, w pierwszych [&hellip;]\" \/>\n<meta property=\"og:url\" content=\"https:\/\/sppp.bialystok.pl\/?p=1090\" \/>\n<meta property=\"og:site_name\" content=\"SPECJALISTYCZNA PORADNIA PSYCHOLOGICZNO-PEDAGOGICZNA DLA DZIECI I M\u0141ODZIE\u017bY Z ZABURZENIAMI EMOCJONALNYMI\" \/>\n<meta property=\"article:published_time\" content=\"2021-09-15T16:20:31+00:00\" \/>\n<meta property=\"article:modified_time\" content=\"2021-09-15T16:58:00+00:00\" \/>\n<meta property=\"og:image\" content=\"https:\/\/serwer1711885.home.pl\/autoinstalator\/wordpress3\/wp-content\/uploads\/books-441866_640.jpg\" \/>\n\t<meta property=\"og:image:width\" content=\"640\" \/>\n\t<meta property=\"og:image:height\" content=\"480\" \/>\n\t<meta property=\"og:image:type\" content=\"image\/jpeg\" \/>\n<meta name=\"author\" content=\"SPPP\" \/>\n<meta name=\"twitter:card\" content=\"summary_large_image\" \/>\n<meta name=\"twitter:label1\" content=\"Napisane przez\" \/>\n\t<meta name=\"twitter:data1\" content=\"SPPP\" \/>\n\t<meta name=\"twitter:label2\" content=\"Szacowany czas czytania\" \/>\n\t<meta name=\"twitter:data2\" content=\"5 minut\" \/>\n<script type=\"application\/ld+json\" class=\"yoast-schema-graph\">{\"@context\":\"https:\\\/\\\/schema.org\",\"@graph\":[{\"@type\":\"Article\",\"@id\":\"https:\\\/\\\/sppp.bialystok.pl\\\/?p=1090#article\",\"isPartOf\":{\"@id\":\"https:\\\/\\\/sppp.bialystok.pl\\\/?p=1090\"},\"author\":{\"name\":\"SPPP\",\"@id\":\"https:\\\/\\\/sppp.bialystok.pl\\\/#\\\/schema\\\/person\\\/c59e4ecf56145ebc6b79b334df449444\"},\"headline\":\"Adaptacja dzieci trzyletnich do warunk\u00f3w przedszkolnych\",\"datePublished\":\"2021-09-15T16:20:31+00:00\",\"dateModified\":\"2021-09-15T16:58:00+00:00\",\"mainEntityOfPage\":{\"@id\":\"https:\\\/\\\/sppp.bialystok.pl\\\/?p=1090\"},\"wordCount\":1348,\"publisher\":{\"@id\":\"https:\\\/\\\/sppp.bialystok.pl\\\/#organization\"},\"image\":{\"@id\":\"https:\\\/\\\/sppp.bialystok.pl\\\/?p=1090#primaryimage\"},\"thumbnailUrl\":\"https:\\\/\\\/serwer1711885.home.pl\\\/autoinstalator\\\/wordpress3\\\/wp-content\\\/uploads\\\/books-441866_640.jpg\",\"articleSection\":[\"Artyku\u0142y\"],\"inLanguage\":\"pl-PL\"},{\"@type\":\"WebPage\",\"@id\":\"https:\\\/\\\/sppp.bialystok.pl\\\/?p=1090\",\"url\":\"https:\\\/\\\/sppp.bialystok.pl\\\/?p=1090\",\"name\":\"Adaptacja dzieci trzyletnich do warunk\u00f3w przedszkolnych - SPECJALISTYCZNA PORADNIA PSYCHOLOGICZNO-PEDAGOGICZNA DLA DZIECI I M\u0141ODZIE\u017bY Z ZABURZENIAMI EMOCJONALNYMI\",\"isPartOf\":{\"@id\":\"https:\\\/\\\/sppp.bialystok.pl\\\/#website\"},\"primaryImageOfPage\":{\"@id\":\"https:\\\/\\\/sppp.bialystok.pl\\\/?p=1090#primaryimage\"},\"image\":{\"@id\":\"https:\\\/\\\/sppp.bialystok.pl\\\/?p=1090#primaryimage\"},\"thumbnailUrl\":\"https:\\\/\\\/serwer1711885.home.pl\\\/autoinstalator\\\/wordpress3\\\/wp-content\\\/uploads\\\/books-441866_640.jpg\",\"datePublished\":\"2021-09-15T16:20:31+00:00\",\"dateModified\":\"2021-09-15T16:58:00+00:00\",\"breadcrumb\":{\"@id\":\"https:\\\/\\\/sppp.bialystok.pl\\\/?p=1090#breadcrumb\"},\"inLanguage\":\"pl-PL\",\"potentialAction\":[{\"@type\":\"ReadAction\",\"target\":[\"https:\\\/\\\/sppp.bialystok.pl\\\/?p=1090\"]}]},{\"@type\":\"ImageObject\",\"inLanguage\":\"pl-PL\",\"@id\":\"https:\\\/\\\/sppp.bialystok.pl\\\/?p=1090#primaryimage\",\"url\":\"https:\\\/\\\/serwer1711885.home.pl\\\/autoinstalator\\\/wordpress3\\\/wp-content\\\/uploads\\\/books-441866_640.jpg\",\"contentUrl\":\"https:\\\/\\\/serwer1711885.home.pl\\\/autoinstalator\\\/wordpress3\\\/wp-content\\\/uploads\\\/books-441866_640.jpg\",\"width\":640,\"height\":480},{\"@type\":\"BreadcrumbList\",\"@id\":\"https:\\\/\\\/sppp.bialystok.pl\\\/?p=1090#breadcrumb\",\"itemListElement\":[{\"@type\":\"ListItem\",\"position\":1,\"name\":\"Strona g\u0142\u00f3wna\",\"item\":\"https:\\\/\\\/sppp.bialystok.pl\\\/\"},{\"@type\":\"ListItem\",\"position\":2,\"name\":\"Adaptacja dzieci trzyletnich do warunk\u00f3w przedszkolnych\"}]},{\"@type\":\"WebSite\",\"@id\":\"https:\\\/\\\/sppp.bialystok.pl\\\/#website\",\"url\":\"https:\\\/\\\/sppp.bialystok.pl\\\/\",\"name\":\"SPECJALISTYCZNA PORADNIA PSYCHOLOGICZNO-PEDAGOGICZNA DLA DZIECI I M\u0141ODZIE\u017bY Z ZABURZENIAMI EMOCJONALNYMI\",\"description\":\"\",\"publisher\":{\"@id\":\"https:\\\/\\\/sppp.bialystok.pl\\\/#organization\"},\"potentialAction\":[{\"@type\":\"SearchAction\",\"target\":{\"@type\":\"EntryPoint\",\"urlTemplate\":\"https:\\\/\\\/sppp.bialystok.pl\\\/?s={search_term_string}\"},\"query-input\":{\"@type\":\"PropertyValueSpecification\",\"valueRequired\":true,\"valueName\":\"search_term_string\"}}],\"inLanguage\":\"pl-PL\"},{\"@type\":\"Organization\",\"@id\":\"https:\\\/\\\/sppp.bialystok.pl\\\/#organization\",\"name\":\"SPECJALISTYCZNA PORADNIA PSYCHOLOGICZNO-PEDAGOGICZNA DLA DZIECI I M\u0141ODZIE\u017bY Z ZABURZENIAMI EMOCJONALNYMI\",\"url\":\"https:\\\/\\\/sppp.bialystok.pl\\\/\",\"logo\":{\"@type\":\"ImageObject\",\"inLanguage\":\"pl-PL\",\"@id\":\"https:\\\/\\\/sppp.bialystok.pl\\\/#\\\/schema\\\/logo\\\/image\\\/\",\"url\":\"https:\\\/\\\/serwer1711885.home.pl\\\/autoinstalator\\\/wordpress3\\\/wp-content\\\/uploads\\\/admin-ajax.php_.png\",\"contentUrl\":\"https:\\\/\\\/serwer1711885.home.pl\\\/autoinstalator\\\/wordpress3\\\/wp-content\\\/uploads\\\/admin-ajax.php_.png\",\"width\":400,\"height\":50,\"caption\":\"SPECJALISTYCZNA PORADNIA PSYCHOLOGICZNO-PEDAGOGICZNA DLA DZIECI I M\u0141ODZIE\u017bY Z ZABURZENIAMI EMOCJONALNYMI\"},\"image\":{\"@id\":\"https:\\\/\\\/sppp.bialystok.pl\\\/#\\\/schema\\\/logo\\\/image\\\/\"}},{\"@type\":\"Person\",\"@id\":\"https:\\\/\\\/sppp.bialystok.pl\\\/#\\\/schema\\\/person\\\/c59e4ecf56145ebc6b79b334df449444\",\"name\":\"SPPP\",\"image\":{\"@type\":\"ImageObject\",\"inLanguage\":\"pl-PL\",\"@id\":\"https:\\\/\\\/secure.gravatar.com\\\/avatar\\\/806da842e74513eefadab459e56e5bbe4490ef4b5ce12a1e06f5390bf6a847e6?s=96&d=mm&r=g\",\"url\":\"https:\\\/\\\/secure.gravatar.com\\\/avatar\\\/806da842e74513eefadab459e56e5bbe4490ef4b5ce12a1e06f5390bf6a847e6?s=96&d=mm&r=g\",\"contentUrl\":\"https:\\\/\\\/secure.gravatar.com\\\/avatar\\\/806da842e74513eefadab459e56e5bbe4490ef4b5ce12a1e06f5390bf6a847e6?s=96&d=mm&r=g\",\"caption\":\"SPPP\"},\"url\":\"https:\\\/\\\/sppp.bialystok.pl\\\/?author=1\"}]}<\/script>\n<!-- \/ Yoast SEO plugin. -->","yoast_head_json":{"title":"Adaptacja dzieci trzyletnich do warunk\u00f3w przedszkolnych - SPECJALISTYCZNA PORADNIA PSYCHOLOGICZNO-PEDAGOGICZNA DLA DZIECI I M\u0141ODZIE\u017bY Z ZABURZENIAMI EMOCJONALNYMI","robots":{"index":"index","follow":"follow","max-snippet":"max-snippet:-1","max-image-preview":"max-image-preview:large","max-video-preview":"max-video-preview:-1"},"canonical":"https:\/\/sppp.bialystok.pl\/?p=1090","og_locale":"pl_PL","og_type":"article","og_title":"Adaptacja dzieci trzyletnich do warunk\u00f3w przedszkolnych - SPECJALISTYCZNA PORADNIA PSYCHOLOGICZNO-PEDAGOGICZNA DLA DZIECI I M\u0141ODZIE\u017bY Z ZABURZENIAMI EMOCJONALNYMI","og_description":"Rozpocz\u0119cie przez dziecko edukacji w przedszkolu to prze\u0142omowy a zarazem stresuj\u0105cy moment, zar\u00f3wno w \u017cyciu dziecka jak i jego rodzic\u00f3w. Wiele dzieci po raz pierwszy styka si\u0119 z tak liczn\u0105 grup\u0105 r\u00f3wie\u015bnicz\u0105. Zmienia si\u0119 te\u017c dotychczasowy tryb \u017cycia i zaspokajania potrzeb &#8211; trzeba si\u0119 dostosowa\u0107 do nowego rytmu dnia. Taka sytuacja rodzi napi\u0119cie emocjonalne. Naturalne jest to \u017ce, w pierwszych [&hellip;]","og_url":"https:\/\/sppp.bialystok.pl\/?p=1090","og_site_name":"SPECJALISTYCZNA PORADNIA PSYCHOLOGICZNO-PEDAGOGICZNA DLA DZIECI I M\u0141ODZIE\u017bY Z ZABURZENIAMI EMOCJONALNYMI","article_published_time":"2021-09-15T16:20:31+00:00","article_modified_time":"2021-09-15T16:58:00+00:00","og_image":[{"width":640,"height":480,"url":"https:\/\/serwer1711885.home.pl\/autoinstalator\/wordpress3\/wp-content\/uploads\/books-441866_640.jpg","type":"image\/jpeg"}],"author":"SPPP","twitter_card":"summary_large_image","twitter_misc":{"Napisane przez":"SPPP","Szacowany czas czytania":"5 minut"},"schema":{"@context":"https:\/\/schema.org","@graph":[{"@type":"Article","@id":"https:\/\/sppp.bialystok.pl\/?p=1090#article","isPartOf":{"@id":"https:\/\/sppp.bialystok.pl\/?p=1090"},"author":{"name":"SPPP","@id":"https:\/\/sppp.bialystok.pl\/#\/schema\/person\/c59e4ecf56145ebc6b79b334df449444"},"headline":"Adaptacja dzieci trzyletnich do warunk\u00f3w przedszkolnych","datePublished":"2021-09-15T16:20:31+00:00","dateModified":"2021-09-15T16:58:00+00:00","mainEntityOfPage":{"@id":"https:\/\/sppp.bialystok.pl\/?p=1090"},"wordCount":1348,"publisher":{"@id":"https:\/\/sppp.bialystok.pl\/#organization"},"image":{"@id":"https:\/\/sppp.bialystok.pl\/?p=1090#primaryimage"},"thumbnailUrl":"https:\/\/serwer1711885.home.pl\/autoinstalator\/wordpress3\/wp-content\/uploads\/books-441866_640.jpg","articleSection":["Artyku\u0142y"],"inLanguage":"pl-PL"},{"@type":"WebPage","@id":"https:\/\/sppp.bialystok.pl\/?p=1090","url":"https:\/\/sppp.bialystok.pl\/?p=1090","name":"Adaptacja dzieci trzyletnich do warunk\u00f3w przedszkolnych - SPECJALISTYCZNA PORADNIA PSYCHOLOGICZNO-PEDAGOGICZNA DLA DZIECI I M\u0141ODZIE\u017bY Z ZABURZENIAMI EMOCJONALNYMI","isPartOf":{"@id":"https:\/\/sppp.bialystok.pl\/#website"},"primaryImageOfPage":{"@id":"https:\/\/sppp.bialystok.pl\/?p=1090#primaryimage"},"image":{"@id":"https:\/\/sppp.bialystok.pl\/?p=1090#primaryimage"},"thumbnailUrl":"https:\/\/serwer1711885.home.pl\/autoinstalator\/wordpress3\/wp-content\/uploads\/books-441866_640.jpg","datePublished":"2021-09-15T16:20:31+00:00","dateModified":"2021-09-15T16:58:00+00:00","breadcrumb":{"@id":"https:\/\/sppp.bialystok.pl\/?p=1090#breadcrumb"},"inLanguage":"pl-PL","potentialAction":[{"@type":"ReadAction","target":["https:\/\/sppp.bialystok.pl\/?p=1090"]}]},{"@type":"ImageObject","inLanguage":"pl-PL","@id":"https:\/\/sppp.bialystok.pl\/?p=1090#primaryimage","url":"https:\/\/serwer1711885.home.pl\/autoinstalator\/wordpress3\/wp-content\/uploads\/books-441866_640.jpg","contentUrl":"https:\/\/serwer1711885.home.pl\/autoinstalator\/wordpress3\/wp-content\/uploads\/books-441866_640.jpg","width":640,"height":480},{"@type":"BreadcrumbList","@id":"https:\/\/sppp.bialystok.pl\/?p=1090#breadcrumb","itemListElement":[{"@type":"ListItem","position":1,"name":"Strona g\u0142\u00f3wna","item":"https:\/\/sppp.bialystok.pl\/"},{"@type":"ListItem","position":2,"name":"Adaptacja dzieci trzyletnich do warunk\u00f3w przedszkolnych"}]},{"@type":"WebSite","@id":"https:\/\/sppp.bialystok.pl\/#website","url":"https:\/\/sppp.bialystok.pl\/","name":"SPECJALISTYCZNA PORADNIA PSYCHOLOGICZNO-PEDAGOGICZNA DLA DZIECI I M\u0141ODZIE\u017bY Z ZABURZENIAMI EMOCJONALNYMI","description":"","publisher":{"@id":"https:\/\/sppp.bialystok.pl\/#organization"},"potentialAction":[{"@type":"SearchAction","target":{"@type":"EntryPoint","urlTemplate":"https:\/\/sppp.bialystok.pl\/?s={search_term_string}"},"query-input":{"@type":"PropertyValueSpecification","valueRequired":true,"valueName":"search_term_string"}}],"inLanguage":"pl-PL"},{"@type":"Organization","@id":"https:\/\/sppp.bialystok.pl\/#organization","name":"SPECJALISTYCZNA PORADNIA PSYCHOLOGICZNO-PEDAGOGICZNA DLA DZIECI I M\u0141ODZIE\u017bY Z ZABURZENIAMI EMOCJONALNYMI","url":"https:\/\/sppp.bialystok.pl\/","logo":{"@type":"ImageObject","inLanguage":"pl-PL","@id":"https:\/\/sppp.bialystok.pl\/#\/schema\/logo\/image\/","url":"https:\/\/serwer1711885.home.pl\/autoinstalator\/wordpress3\/wp-content\/uploads\/admin-ajax.php_.png","contentUrl":"https:\/\/serwer1711885.home.pl\/autoinstalator\/wordpress3\/wp-content\/uploads\/admin-ajax.php_.png","width":400,"height":50,"caption":"SPECJALISTYCZNA PORADNIA PSYCHOLOGICZNO-PEDAGOGICZNA DLA DZIECI I M\u0141ODZIE\u017bY Z ZABURZENIAMI EMOCJONALNYMI"},"image":{"@id":"https:\/\/sppp.bialystok.pl\/#\/schema\/logo\/image\/"}},{"@type":"Person","@id":"https:\/\/sppp.bialystok.pl\/#\/schema\/person\/c59e4ecf56145ebc6b79b334df449444","name":"SPPP","image":{"@type":"ImageObject","inLanguage":"pl-PL","@id":"https:\/\/secure.gravatar.com\/avatar\/806da842e74513eefadab459e56e5bbe4490ef4b5ce12a1e06f5390bf6a847e6?s=96&d=mm&r=g","url":"https:\/\/secure.gravatar.com\/avatar\/806da842e74513eefadab459e56e5bbe4490ef4b5ce12a1e06f5390bf6a847e6?s=96&d=mm&r=g","contentUrl":"https:\/\/secure.gravatar.com\/avatar\/806da842e74513eefadab459e56e5bbe4490ef4b5ce12a1e06f5390bf6a847e6?s=96&d=mm&r=g","caption":"SPPP"},"url":"https:\/\/sppp.bialystok.pl\/?author=1"}]}},"_links":{"self":[{"href":"https:\/\/sppp.bialystok.pl\/index.php?rest_route=\/wp\/v2\/posts\/1090","targetHints":{"allow":["GET"]}}],"collection":[{"href":"https:\/\/sppp.bialystok.pl\/index.php?rest_route=\/wp\/v2\/posts"}],"about":[{"href":"https:\/\/sppp.bialystok.pl\/index.php?rest_route=\/wp\/v2\/types\/post"}],"author":[{"embeddable":true,"href":"https:\/\/sppp.bialystok.pl\/index.php?rest_route=\/wp\/v2\/users\/1"}],"replies":[{"embeddable":true,"href":"https:\/\/sppp.bialystok.pl\/index.php?rest_route=%2Fwp%2Fv2%2Fcomments&post=1090"}],"version-history":[{"count":6,"href":"https:\/\/sppp.bialystok.pl\/index.php?rest_route=\/wp\/v2\/posts\/1090\/revisions"}],"predecessor-version":[{"id":1102,"href":"https:\/\/sppp.bialystok.pl\/index.php?rest_route=\/wp\/v2\/posts\/1090\/revisions\/1102"}],"wp:featuredmedia":[{"embeddable":true,"href":"https:\/\/sppp.bialystok.pl\/index.php?rest_route=\/wp\/v2\/media\/808"}],"wp:attachment":[{"href":"https:\/\/sppp.bialystok.pl\/index.php?rest_route=%2Fwp%2Fv2%2Fmedia&parent=1090"}],"wp:term":[{"taxonomy":"category","embeddable":true,"href":"https:\/\/sppp.bialystok.pl\/index.php?rest_route=%2Fwp%2Fv2%2Fcategories&post=1090"},{"taxonomy":"post_tag","embeddable":true,"href":"https:\/\/sppp.bialystok.pl\/index.php?rest_route=%2Fwp%2Fv2%2Ftags&post=1090"}],"curies":[{"name":"wp","href":"https:\/\/api.w.org\/{rel}","templated":true}]}}